{"headers": {"id": "ID", "ano": "Ano", "numero": "N\u00famero", "tipo__sigla": "Tipo de Mat\u00e9ria Legislativa/Sigla", "tipo__descricao": "Tipo de Mat\u00e9ria Legislativa/Descri\u00e7\u00e3o", "autoria": "Autorias", "texto_original": "Texto Original", "ementa": "Ementa"}, "results": [{"id": "1", "ano": "2024", "numero": "33", "tipo__sigla": "ID", "tipo__descricao": "Indica\u00e7\u00e3o", "autoria": "", "texto_original": "http://sapl.riodoce.mg.leg.br/media/sapl/public/materialegislativa/2024/1/indicacao_no_33_2024.pdf", "ementa": "Os vereadores infra-assinados, na forma regimental, atendendo pedido da popula\u00e7\u00e3o, requer a V. Exa. envio de of\u00edcio ao Poder Executivo para que seja feito um estudo junto aos \u00f3rg\u00e3os competentes para cria\u00e7\u00e3o de vagas exclusivas de estacionamento para pessoas com defici\u00eancia no Munic\u00edpio de Rio Doce."}, {"id": "2", "ano": "2024", "numero": "34", "tipo__sigla": "ID", "tipo__descricao": "Indica\u00e7\u00e3o", "autoria": "", "texto_original": "http://sapl.riodoce.mg.leg.br/media/", "ementa": "A vereadora infra-assinada, na forma regimental, atendendo pedido dos moradores, vem respeitosamente perante a V. Exa. solicitar por meio deste a coloca\u00e7\u00e3o de postes de ilumina\u00e7\u00e3o desde a entrada da comunidade da Tapera (S\u00e3o Jos\u00e9 do Entre Montes) at\u00e9 o final do cal\u00e7amento."}]}